{"id":9841,"date":"2011-06-02T03:18:43","date_gmt":"2011-06-02T01:18:43","guid":{"rendered":"http:\/\/www.tuttologia.com\/mac\/?p=9841"},"modified":"2025-04-27T13:08:16","modified_gmt":"2025-04-27T11:08:16","slug":"wwdc-6-giugno-jobs-alla-presentazione-di-lion-ios-5-e-icloud","status":"publish","type":"post","link":"https:\/\/www.tuttologia.com\/mac\/2011\/06\/wwdc-6-giugno-jobs-alla-presentazione-di-lion-ios-5-e-icloud\/","title":{"rendered":"WWDC 6 giugno: Jobs alla presentazione di Lion, iOS 5 e iCloud"},"content":{"rendered":"<p style=\"text-align: center;\"><a href=\"http:\/\/www.tuttologia.com\/mac\/immagini-sito\/wwdc_20111.png\" target=\"_blank\" rel=\"noopener noreferrer nofollow\"><img loading=\"lazy\" decoding=\"async\" class=\"aligncenter size-full wp-image-9844\" src=\"http:\/\/www.tuttologia.com\/mac\/immagini-sito\/wwdc_20111.png\" alt=\"WWDC 6 giugno: Jobs alla presentazione di Lion, iOS 5 e iCloud\" width=\"130\" height=\"158\" srcset=\"https:\/\/www.tuttologia.com\/mac\/immagini-sito\/wwdc_20111.png 360w, https:\/\/www.tuttologia.com\/mac\/immagini-sito\/wwdc_20111-246x300.png 246w, https:\/\/www.tuttologia.com\/mac\/immagini-sito\/wwdc_20111-300x365.png 300w, https:\/\/www.tuttologia.com\/mac\/immagini-sito\/wwdc_20111-180x219.png 180w, https:\/\/www.tuttologia.com\/mac\/immagini-sito\/wwdc_20111-260x317.png 260w\" sizes=\"auto, (max-width: 130px) 100vw, 130px\" \/><\/a><\/p>\n<p>In un <strong><a href=\"http:\/\/www.apple.com\/it\/pr\/library\/2011\/05\/31wwdc.html\" target=\"_blank\" rel=\"noopener noreferrer nofollow\">comunicato stampa<\/a><\/strong> Apple ha annunciato che il keynote del Worldwide Developers Conference (WWDC) 2011, che si terr\u00e0 luned\u00ec 6 giugno alle 10.00 a San Francisco (le 19.00 in Italia), verr\u00e0 condotto dal CEO Steve Jobs e da altri dirigenti. In quell&#8217;occasione verranno presentati Lion per Mac OS X, iOS 5 per iPhone, iPod touch e iPad, e iCloud, il nuovo servizio di archiviazione e sincronizzazione online (e forse streaming di musica). La casa di Cupertino ha acquistato il dominio www. iCloud.com, che apparteneva a Xcerion AB e che ha ora trasferito l&#8217;offerta dei suoi servizi all&#8217;indirizzo www.CloudMe.com. Ha pure acquisito www.iCloud.org.<\/p>\n","protected":false},"excerpt":{"rendered":"<p>In un comunicato stampa Apple ha annunciato che il keynote del Worldwide Developers Conference (WWDC)<\/p>\n","protected":false},"author":18,"featured_media":9842,"comment_status":"closed","ping_status":"closed","sticky":false,"template":"","format":"standard","meta":{"footnotes":""},"categories":[13,11],"tags":[1189,1190,1096,331,973,992,1188],"class_list":["post-9841","post","type-post","status-publish","format-standard","has-post-thumbnail","hentry","category-mac-news","category-mac-cultura-digitale-news","tag-icloud","tag-ios-5","tag-jobs","tag-keynote","tag-lion","tag-san-francisco","tag-wwdc-2011"],"_links":{"self":[{"href":"https:\/\/www.tuttologia.com\/mac\/wp-json\/wp\/v2\/posts\/9841","targetHints":{"allow":["GET"]}}],"collection":[{"href":"https:\/\/www.tuttologia.com\/mac\/wp-json\/wp\/v2\/posts"}],"about":[{"href":"https:\/\/www.tuttologia.com\/mac\/wp-json\/wp\/v2\/types\/post"}],"author":[{"embeddable":true,"href":"https:\/\/www.tuttologia.com\/mac\/wp-json\/wp\/v2\/users\/18"}],"replies":[{"embeddable":true,"href":"https:\/\/www.tuttologia.com\/mac\/wp-json\/wp\/v2\/comments?post=9841"}],"version-history":[{"count":1,"href":"https:\/\/www.tuttologia.com\/mac\/wp-json\/wp\/v2\/posts\/9841\/revisions"}],"predecessor-version":[{"id":26919,"href":"https:\/\/www.tuttologia.com\/mac\/wp-json\/wp\/v2\/posts\/9841\/revisions\/26919"}],"wp:featuredmedia":[{"embeddable":true,"href":"https:\/\/www.tuttologia.com\/mac\/wp-json\/wp\/v2\/media\/9842"}],"wp:attachment":[{"href":"https:\/\/www.tuttologia.com\/mac\/wp-json\/wp\/v2\/media?parent=9841"}],"wp:term":[{"taxonomy":"category","embeddable":true,"href":"https:\/\/www.tuttologia.com\/mac\/wp-json\/wp\/v2\/categories?post=9841"},{"taxonomy":"post_tag","embeddable":true,"href":"https:\/\/www.tuttologia.com\/mac\/wp-json\/wp\/v2\/tags?post=9841"}],"curies":[{"name":"wp","href":"https:\/\/api.w.org\/{rel}","templated":true}]}}