{"id":13924,"date":"2012-10-23T21:00:23","date_gmt":"2012-10-23T19:00:23","guid":{"rendered":"http:\/\/www.tuttologia.com\/mac\/?p=13924"},"modified":"2025-04-27T13:02:45","modified_gmt":"2025-04-27T11:02:45","slug":"apple-special-event-tutte-le-novita","status":"publish","type":"post","link":"https:\/\/www.tuttologia.com\/mac\/2012\/10\/apple-special-event-tutte-le-novita\/","title":{"rendered":"Apple Special Event, tutte le novit\u00e0"},"content":{"rendered":"<p style=\"text-align: justify;\"><img loading=\"lazy\" decoding=\"async\" class=\"aligncenter\" title=\"Apple Special Event\" src=\"http:\/\/www.tuttologia.com\/forumtutor\/ZZ63CB5EAE.jpg\" alt=\"Apple Special Event, tutte le novit\u00e0\" width=\"400\" height=\"224\" \/><\/p>\n<p style=\"text-align: justify;\">E&#8217; terminato da pochi minuti l&#8217;evento speciale Apple, dopo tanto tempo trasmesso in streaming live. Ad aprire la presentazione \u00e8 il CEO di Apple Tim Cook che esordisce descrivendo il successo di vendite dell&#8217;iPhone 5 (5 milioni di pezzi venduti nel primo week-end, miglior risultato di sempre per un iPhone e per un cellulare in generale). Anche i dati di vendita dei nuovi iPod nano e touch sono ragguardevoli, gi\u00e0 raggiunti i 3 milioni di pezzi venduti, con il chiaro obbiettivo di farne un perfetto regalo per le prossime festivit\u00e0. Altro dato importante \u00e8 quello legato alla rapida penetrazione di iOS 6, con gi\u00e0 200 milioni di iDevice aggiornati all&#8217;ultima versione del sistema operativo mobile Apple ed all&#8217;integrazione fra iOS 6 e Mountain Lion, progettati per funzionare in sinergia. Documents in the Cloud conta gi\u00e0 125 milioni di documenti sulla nuvola in un anno, iMessage 300 miliardi di messaggi inviati in un anno, Game Center 160 milioni di account, Shared Photo Stream 70 milioni di foto condivise in un mese, App Store ha oltre 700 mila app, di cui 175 mila sviluppate appositamente per iPad, sono gi\u00e0 pi\u00f9 di 35 miliardi i download effettuati sull&#8217;App Store (con ben 6.5 miliardi di dollari versati da Apple agli sviluppatori), 1.5 milioni di libri disponibili su Books Store e 400 milioni di download effettuati. Ed \u00e8 proprio l&#8217;app iBooks ad essere la prima novit\u00e0 di oggi, con un aggiornamento subito disponibile che vede nuove funzioni di lettura e di condivisione (anche con i social network), oltre al supporto per lingue orientali.<\/p>\n<p style=\"text-align: justify;\"><img loading=\"lazy\" decoding=\"async\" class=\"aligncenter\" title=\"Apple Special Event\" src=\"http:\/\/www.tuttologia.com\/forumtutor\/ZZ695FB72D.jpg\" alt=\"Apple Special Event, tutte le novit\u00e0\" width=\"400\" height=\"223\" \/><\/p>\n<p style=\"text-align: justify;\">Ma l&#8217;attesa maggiore \u00e8 tutta per quelle che saranno le novit\u00e0 legate all&#8217;hardware e l&#8217;attenzione passa dunque ai Mac. Phil Shiller prende il posto di Cook per presentare il nuovo <strong><a href=\"http:\/\/www.apple.com\/it\/macbook-pro\/\" target=\"_blank\" rel=\"noopener noreferrer nofollow\">MacBook Pro 13&#8243; Retina display<\/a><\/strong>, pi\u00f9 leggero e sottile del modello tradizionale con lettore ottico, stesse porte del 15&#8243; e schermo da 2560&#215;1600 pollici (pi\u00f9 di 4 milioni di pixel, quasi il doppio di una TV Full HD). Tantissime le app gi\u00e0 compatibili con il display Retina, batteria da 7 ore e modelli a partire da <strong><a href=\"http:\/\/store.apple.com\/it\/browse\/home\/shop_mac\/family\/macbook_pro\" target=\"_blank\" rel=\"noopener noreferrer nofollow\">1.779 Euro<\/a><\/strong> disponibili da oggi stesso.<\/p>\n<p style=\"text-align: justify;\"><img loading=\"lazy\" decoding=\"async\" class=\"aligncenter\" title=\"Apple Special Event\" src=\"http:\/\/www.tuttologia.com\/forumtutor\/ZZ561FB98C.jpg\" alt=\"Apple Special Event, tutte le novit\u00e0\" width=\"400\" height=\"223\" \/><\/p>\n<p style=\"text-align: justify;\">Altra novit\u00e0 \u00e8 un corposo speed bump del <strong><a href=\"http:\/\/www.apple.com\/it\/mac-mini\/\" target=\"_blank\" rel=\"noopener noreferrer nofollow\">Mac mini<\/a><\/strong>, che monta ora i nuovi processori Ivy Bridge, porte USB 3.0 con modelli a partire da <strong><a href=\"http:\/\/store.apple.com\/it\/browse\/home\/shop_mac\/family\/mac_mini\" target=\"_blank\" rel=\"noopener noreferrer nofollow\">649 Euro<\/a><\/strong> disponibili da oggi stesso.<\/p>\n<p style=\"text-align: justify;\">Ma il Mac che subisce l&#8217;aggiornamento pi\u00f9 sostanziale e senza dubbio l&#8217;<strong><a href=\"http:\/\/www.apple.com\/it\/imac\/\" target=\"_blank\" rel=\"noopener noreferrer nofollow\">iMac<\/a><\/strong>. L&#8217;ottava generazione ha un nuovo design dall&#8217;aspetto estremamente sottile (bordo di 5mm), con il display saldato al retro in alluminio grazie alla tecnologia &#8220;friction stir welding&#8221;. Scompare il lettore ottico e proprio il display con vetro fino ai bordi e 2560&#215;1440 pixel (nel 27&#8243;) e 1920&#215;1080 pixel (nel 21.5&#8243;) con design &#8220;full lamination&#8221;, &#8220;plasma deposition process&#8221; (75% di riflesso in meno) e calibrazione individuale \u00e8 la caratteristica che distingue subito il nuovo iMac. I processori sono gli Ivy Bridge, dischi fino a 3TB con la novit\u00e0 della possibilit\u00e0 di scegliere, otre che fra dischi tradizionali e dischi SSD, anche i nuovi Fusion Drive, dischi ibridi con un settore SSD per il sistema operativo e le applicazioni maggiormente utilizzate ed un settore tradizionale HDD per tutte le altre applicazioni, i documenti ed i file. Il 21.5&#8243; parte da <strong><a href=\"http:\/\/store.apple.com\/it\/browse\/home\/shop_mac\/family\/imac\" target=\"_blank\" rel=\"noopener noreferrer nofollow\">1.379 Euro<\/a><\/strong> e sar\u00e0 disponibile da novembre, mentre il 27&#8243; parte da <strong><a href=\"http:\/\/store.apple.com\/it\/browse\/home\/shop_mac\/family\/imac\" target=\"_blank\" rel=\"noopener noreferrer nofollow\">1.899 Euro<\/a><\/strong> e sar\u00e0 disponibile da dicembre.<\/p>\n<p style=\"text-align: justify;\"><img loading=\"lazy\" decoding=\"async\" class=\"aligncenter\" title=\"Apple Special Event\" src=\"http:\/\/www.tuttologia.com\/forumtutor\/ZZ7D5C4CEF.jpg\" alt=\"Apple Special Event, tutte le novit\u00e0\" width=\"400\" height=\"224\" \/><\/p>\n<p style=\"text-align: justify;\">Dopo i Mac l&#8217;attenzione converge sull&#8217;iPad e sul palco torna Tim Cook per snocciolare i dati di vendita: 100 milioni di iPad venduti in due anni e mezzo (pi\u00f9 di tutti i PC messi assieme). Gli iPad generano poi il 91% del traffico web di tutti i tablet presenti sul mercato ed il 94% delle aziende che fanno parte del Fortune 500 hanno gi\u00e0 implementato l&#8217;iPad al loro interno. La <strong><a href=\"http:\/\/www.apple.com\/it\/ipad\/overview\/\" target=\"_blank\" rel=\"noopener noreferrer nofollow\">quarta generazione di iPad<\/a><\/strong> che Apple presenta oggi vede un corposo aggiornamento della componentistica interna, fra cui spiccano il processore A6X (2 volte pi\u00f9 veloce del precedente, anche nelle prestazioni grafiche), ISP di nuova generazione, videocamera frontale FaceTime HD, LTE globale e connettore Lighting. Nessuna modifica ai prezzi.<\/p>\n<p style=\"text-align: justify;\">Ultima novit\u00e0, forse la pi\u00f9 annunciata dai rumor, l&#8217;introduzione del nuovo <strong><a href=\"http:\/\/www.apple.com\/it\/ipad-mini\/overview\/\" target=\"_blank\" rel=\"noopener noreferrer nofollow\">iPad mini<\/a><\/strong>: 7.2 mm di spessore per 308 grammi di peso. Lo schermo \u00e8 da 7.9&#8243; con gli stessi pixel dell&#8217;iPad 2 (1024&#215;768). Questo significa che gli sviluppatori non dovranno adattare le app per l&#8217;iPad mini, ma si potranno usare quelle gi\u00e0 realizzate per l&#8217;iPad grazie allo schermo dalle medesime proporzioni. Caratteristiche principali il processore A5 dual-core, la videocamera frontale FaceTime HD, iSight da 5MP ed LTE globale. Disponibile in bianco e nero sia Wi-Fi che Wi-Fi + Cellular, ordinabile a partire dal 26 ottobre. Prezzi da <strong><a href=\"http:\/\/store.apple.com\/it\/browse\/home\/shop_ipad\" target=\"_blank\" rel=\"noopener noreferrer nofollow\">329 Euro<\/a><\/strong>.<\/p>\n<p style=\"text-align: justify;\"><img loading=\"lazy\" decoding=\"async\" title=\"Apple Special Event\" src=\"http:\/\/www.tuttologia.com\/forumtutor\/ZZ0517EDA4.jpg\" alt=\"Apple Special Event, tutte le novit\u00e0\" width=\"400\" height=\"224\" \/><\/p>\n","protected":false},"excerpt":{"rendered":"<p>E&#8217; terminato da pochi minuti l&#8217;evento speciale Apple, dopo tanto tempo trasmesso in streaming live.<\/p>\n","protected":false},"author":3,"featured_media":13925,"comment_status":"closed","ping_status":"open","sticky":false,"template":"","format":"standard","meta":{"footnotes":""},"categories":[6,13,11],"tags":[1506,70,476,2123,1507,366,34,1508],"class_list":["post-13924","post","type-post","status-publish","format-standard","has-post-thumbnail","hentry","category-ipod-iphone-ipad","category-mac-news","category-mac-cultura-digitale-news","tag-apple-special-event","tag-ibooks","tag-imac","tag-ipad","tag-ipad-mini","tag-mac-mini","tag-macbook","tag-macbook-pro-13-retina-display"],"_links":{"self":[{"href":"https:\/\/www.tuttologia.com\/mac\/wp-json\/wp\/v2\/posts\/13924","targetHints":{"allow":["GET"]}}],"collection":[{"href":"https:\/\/www.tuttologia.com\/mac\/wp-json\/wp\/v2\/posts"}],"about":[{"href":"https:\/\/www.tuttologia.com\/mac\/wp-json\/wp\/v2\/types\/post"}],"author":[{"embeddable":true,"href":"https:\/\/www.tuttologia.com\/mac\/wp-json\/wp\/v2\/users\/3"}],"replies":[{"embeddable":true,"href":"https:\/\/www.tuttologia.com\/mac\/wp-json\/wp\/v2\/comments?post=13924"}],"version-history":[{"count":1,"href":"https:\/\/www.tuttologia.com\/mac\/wp-json\/wp\/v2\/posts\/13924\/revisions"}],"predecessor-version":[{"id":26812,"href":"https:\/\/www.tuttologia.com\/mac\/wp-json\/wp\/v2\/posts\/13924\/revisions\/26812"}],"wp:featuredmedia":[{"embeddable":true,"href":"https:\/\/www.tuttologia.com\/mac\/wp-json\/wp\/v2\/media\/13925"}],"wp:attachment":[{"href":"https:\/\/www.tuttologia.com\/mac\/wp-json\/wp\/v2\/media?parent=13924"}],"wp:term":[{"taxonomy":"category","embeddable":true,"href":"https:\/\/www.tuttologia.com\/mac\/wp-json\/wp\/v2\/categories?post=13924"},{"taxonomy":"post_tag","embeddable":true,"href":"https:\/\/www.tuttologia.com\/mac\/wp-json\/wp\/v2\/tags?post=13924"}],"curies":[{"name":"wp","href":"https:\/\/api.w.org\/{rel}","templated":true}]}}