{"id":12984,"date":"2012-08-18T00:57:20","date_gmt":"2012-08-17T22:57:20","guid":{"rendered":"http:\/\/www.tuttologia.com\/mac\/?p=12984"},"modified":"2025-04-27T13:05:54","modified_gmt":"2025-04-27T11:05:54","slug":"adobe-creative-cloud-lofferta-a-prezzo-scontato-scade-il-31-agosto","status":"publish","type":"post","link":"https:\/\/www.tuttologia.com\/mac\/2012\/08\/adobe-creative-cloud-lofferta-a-prezzo-scontato-scade-il-31-agosto\/","title":{"rendered":"Adobe Creative Cloud: l&#8217;offerta a prezzo scontato scade il 31 agosto"},"content":{"rendered":"<p style=\"text-align: center;\"><a href=\"http:\/\/www.tuttologia.com\/mac\/2012\/08\/adobe-creative-cloud-lofferta-a-prezzo-scontato-scade-il-31-agosto\/adobe_creative_cloud_logo\/\" rel=\"attachment wp-att-12986\" target=\"_blank\" rel=\"noopener noreferrer nofollow\"><img loading=\"lazy\" decoding=\"async\" class=\"aligncenter  wp-image-12986\" title=\"Adobe_Creative_Cloud_logo\" src=\"http:\/\/www.tuttologia.com\/mac\/immagini-sito\/Adobe_Creative_Cloud_logo.jpg\" alt=\"Adobe Creative Cloud: l&#039;offerta a prezzo scontato scade il 31 agosto\" width=\"405\" height=\"188\" srcset=\"https:\/\/www.tuttologia.com\/mac\/immagini-sito\/Adobe_Creative_Cloud_logo.jpg 450w, https:\/\/www.tuttologia.com\/mac\/immagini-sito\/Adobe_Creative_Cloud_logo-300x139.jpg 300w, https:\/\/www.tuttologia.com\/mac\/immagini-sito\/Adobe_Creative_Cloud_logo-180x83.jpg 180w, https:\/\/www.tuttologia.com\/mac\/immagini-sito\/Adobe_Creative_Cloud_logo-260x120.jpg 260w\" sizes=\"auto, (max-width: 405px) 100vw, 405px\" \/><\/a><\/p>\n<p><strong><a href=\"http:\/\/www.adobe.com\/it\/products\/creativecloud.html\" target=\"_blank\" rel=\"noopener noreferrer nofollow\">Adobe Creative Cloud<\/a><\/strong> \u00e8 forse la novit\u00e0 pi\u00f9 rilevante della <strong><a href=\"http:\/\/www.adobe.com\/go\/gnavtray_products_creativesuite_it\" target=\"_blank\" rel=\"noopener noreferrer nofollow\">Creative Suite 6<\/a><\/strong> e consente a chi si occupa di disegno grafico, sviluppo di pagine web e realizzazione di contenuti audio-video di sottoscrivere un abbonamento per scaricare ed installare qualsiasi applicazione desktop Adobe Creative Suite 6 pi\u00f9 altre applicazioni come Adobe Photoshop Lightroom 4, nuove applicazioni come Adobe Muse e le Adobe Touch Apps (app disponibili per iPad, iPhone e Android che consentono di creare e condividere contenuti dai dispositivi mobili). Le funzionalit\u00e0 cloud consentono di accedere a servizi online per l&#8217;archiviazione, la sincronizzazione, la condivisione e la pubblicazione dei progetti. Le applicazioni desktop sono utilizzabili sia nella versione per OS X che per Windows e si pu\u00f2 installarle su due computer, a condizione che non vengano eseguite contemporaneamente.\u00a0Sottoscrivendo un abbonamento a Creative Cloud si avranno a disposizione le applicazioni e le funzionalit\u00e0 pi\u00f9 recenti non appena vengono rilasciate da Adobe.<\/p>\n<p>E&#8217; possibile registrarsi gratuitamente e testare per 30 giorni le varie funzionalit\u00e0 prima di sottoscrivere uno degli <strong><a href=\"https:\/\/creative.adobe.com\/plans\" target=\"_blank\" rel=\"noopener noreferrer nofollow\">abbonamenti<\/a><\/strong>: \u20ac 92,24 al mese (senza contratto, rinnovabile mese per mese) oppure \u20ac 61,49 al mese (con un contratto di un anno). Fino al 31 agosto \u00e8 per\u00f2 possibile risparmiare 24 Euro al mese, a condizione di essere utenti qualificati e registrati di singoli prodotti e versioni suite, CS3 o versioni successive (per verificare i requisiti \u00e8 possibile accedere con il proprio ID Adobe da <strong><a href=\"https:\/\/creativecloud-specialoffer.adobe.com\/special-offer\/?loc=it_IT&amp;cc=it\" target=\"_blank\" rel=\"noopener noreferrer nofollow\">questa pagina<\/a><\/strong>) e di sottoscrivere un contratto di un anno. In questo caso l&#8217;abbonamento per il primo anno sar\u00e0 di \u20ac 36,89 al mese, per poi passare a prezzo pieno dal secondo anno in avanti.<\/p>\n<p>L&#8217;offerta non \u00e8 valida per studenti e docenti (per maggiori informazioni su Creative Cloud per l&#8217;istruzione visitate <strong><a href=\"http:\/\/www.adobe.com\/it\/education\/products\/creativecloud.html\" target=\"_blank\" rel=\"noopener noreferrer nofollow\">questa pagina<\/a><\/strong>) o per le aziende. Per queste ultime sar\u00e0 disponibile nel corso del 2012 il <strong><a href=\"http:\/\/www.adobe.com\/it\/products\/creativesuite\/companies.html\" target=\"_blank\" rel=\"noopener noreferrer nofollow\">Creative Cloud Team<\/a><\/strong>, che avr\u00e0 un costo annuale per singola postazione e che includer\u00e0 una maggiore capacit\u00e0 di archiviazione online, strumenti di collaborazione ed opzioni per la gestione e l&#8217;implementazione delle licenze. Le aziende che volessero sottoscrivere da subito il contratto annuale a loro dedicato possono attivare il Creative Cloud Team Ready, che diventer\u00e0 automaticamente Creative Cloud Team non appena verr\u00e0 rilasciato da Adobe.<\/p>\n<p>Per maggiori informazioni sulle caratteristiche e le offerte relative a Creative Cloud \u00e8 possibile consultare le <strong><a href=\"http:\/\/www.adobe.com\/it\/products\/creativecloud\/faq.html\" target=\"_blank\" rel=\"noopener noreferrer nofollow\">FAQ<\/a><\/strong> sul sito Adobe.<\/p>\n<p style=\"text-align: center;\">\u00a0<a href=\"http:\/\/www.tuttologia.com\/mac\/2012\/08\/adobe-creative-cloud-lofferta-a-prezzo-scontato-scade-il-31-agosto\/adobecreativecloud-2\/\" rel=\"attachment wp-att-12990\" target=\"_blank\" rel=\"noopener noreferrer nofollow\"><img loading=\"lazy\" decoding=\"async\" class=\"aligncenter  wp-image-12990\" title=\"AdobeCreativeCloud\" src=\"http:\/\/www.tuttologia.com\/mac\/immagini-sito\/AdobeCreativeCloud1.jpg\" alt=\"Adobe Creative Cloud: l&#039;offerta a prezzo scontato scade il 31 agosto\" width=\"405\" height=\"132\" srcset=\"https:\/\/www.tuttologia.com\/mac\/immagini-sito\/AdobeCreativeCloud1.jpg 450w, https:\/\/www.tuttologia.com\/mac\/immagini-sito\/AdobeCreativeCloud1-300x98.jpg 300w, https:\/\/www.tuttologia.com\/mac\/immagini-sito\/AdobeCreativeCloud1-180x58.jpg 180w, https:\/\/www.tuttologia.com\/mac\/immagini-sito\/AdobeCreativeCloud1-260x84.jpg 260w\" sizes=\"auto, (max-width: 405px) 100vw, 405px\" \/><\/a><\/p>\n<p><script type=\"text\/javascript\"><!--\ngoogle_ad_client = \"ca-pub-4342107620923663\";\n\/* 468x60, forumpiccolo *\/\ngoogle_ad_slot = \"0095728403\";\ngoogle_ad_width = 468;\ngoogle_ad_height = 60;\n\/\/-->\n<\/script><br \/>\n<script type=\"text\/javascript\"\nsrc=\"http:\/\/pagead2.googlesyndication.com\/pagead\/show_ads.js\">\n<\/script><\/p>\n","protected":false},"excerpt":{"rendered":"<p>Adobe Creative Cloud \u00e8 forse la novit\u00e0 pi\u00f9 rilevante della Creative Suite 6 e consente<\/p>\n","protected":false},"author":3,"featured_media":12985,"comment_status":"closed","ping_status":"closed","sticky":false,"template":"","format":"standard","meta":{"footnotes":""},"categories":[13,11],"tags":[65,1431,1428,1429,1430,75,1432],"class_list":["post-12984","post","type-post","status-publish","format-standard","has-post-thumbnail","hentry","category-mac-news","category-mac-cultura-digitale-news","tag-adobe","tag-adobe-cs6","tag-creative-cloud","tag-creative-cloud-team","tag-creative-cloud-team-ready","tag-creative-suite","tag-touch-apps"],"_links":{"self":[{"href":"https:\/\/www.tuttologia.com\/mac\/wp-json\/wp\/v2\/posts\/12984","targetHints":{"allow":["GET"]}}],"collection":[{"href":"https:\/\/www.tuttologia.com\/mac\/wp-json\/wp\/v2\/posts"}],"about":[{"href":"https:\/\/www.tuttologia.com\/mac\/wp-json\/wp\/v2\/types\/post"}],"author":[{"embeddable":true,"href":"https:\/\/www.tuttologia.com\/mac\/wp-json\/wp\/v2\/users\/3"}],"replies":[{"embeddable":true,"href":"https:\/\/www.tuttologia.com\/mac\/wp-json\/wp\/v2\/comments?post=12984"}],"version-history":[{"count":1,"href":"https:\/\/www.tuttologia.com\/mac\/wp-json\/wp\/v2\/posts\/12984\/revisions"}],"predecessor-version":[{"id":26854,"href":"https:\/\/www.tuttologia.com\/mac\/wp-json\/wp\/v2\/posts\/12984\/revisions\/26854"}],"wp:featuredmedia":[{"embeddable":true,"href":"https:\/\/www.tuttologia.com\/mac\/wp-json\/wp\/v2\/media\/12985"}],"wp:attachment":[{"href":"https:\/\/www.tuttologia.com\/mac\/wp-json\/wp\/v2\/media?parent=12984"}],"wp:term":[{"taxonomy":"category","embeddable":true,"href":"https:\/\/www.tuttologia.com\/mac\/wp-json\/wp\/v2\/categories?post=12984"},{"taxonomy":"post_tag","embeddable":true,"href":"https:\/\/www.tuttologia.com\/mac\/wp-json\/wp\/v2\/tags?post=12984"}],"curies":[{"name":"wp","href":"https:\/\/api.w.org\/{rel}","templated":true}]}}